{"id":456,"date":"2020-03-02T11:36:50","date_gmt":"2020-03-02T10:36:50","guid":{"rendered":"http:\/\/hengstmanns.de\/WP\/?p=456"},"modified":"2020-03-02T11:36:52","modified_gmt":"2020-03-02T10:36:52","slug":"fete","status":"publish","type":"post","link":"https:\/\/hengstmanns.de\/WP\/2020\/03\/02\/fete\/","title":{"rendered":"Fete de la musique"},"content":{"rendered":"<p><span style=\"color: #006600;\"><strong><strong><strong><strong>am 21.Juni 2019 um 16:00 Uhr<\/strong><\/strong><\/strong><\/strong><\/span><\/p>\n<p><span style=\"color: #006600;\"><strong><strong><strong><strong>Eintritt frei<\/strong><\/strong><\/strong><\/strong><\/span><\/p>\n<p><span style=\"font-size: small; text-decoration: underline;\"><span style=\"color: #a10f15; text-decoration: underline;\"><strong><strong><strong><strong>Fete de la Musique<\/strong><\/strong><\/strong><\/strong><\/span><span style=\"color: #006600; text-decoration: underline;\"><strong><strong><strong><strong><br \/>\n<\/strong><\/strong><\/strong><\/strong><\/span><\/span><\/p>\n<p><strong>Jan Kubon + Pedro Querido (Singer\/Songwriter)<\/strong><\/p>\n<p>Der eine fragt den anderen nach einer gemeinsamen Session ob er auf dessen neuer Platte Gitarre spielen will. Der andere sagt Ja und wiederum nur wenige Monate sp\u00e4ter nimmt der eine in seinem Studio die neue Platte das anderen auf. So haben sich Jan Kubon und Pedro Querido kennen und sch\u00e4tzen gelernt. Herausgekommen sind zwei Alben , die in K\u00fcrze das Licht der Welt erblicken werden. Seit nun einem Jahr spielen die beiden ihre eigenen Songs als Duo. Folk, bluesige Songs, eine Prise Jazz und Progressive, Pop mit Referenzen an Nick Drake und Dylan. Alles mit viel Herz, Leidenschaft und K\u00f6nnen. Was als Studiofreundschaft begann ist nun ein waschechtes Live Duo geworden. Gegenseitig st\u00fctzen sie mit ihren Instrumenten und Stimmen die Songs des jeweils anderen. Wer hat hier eigentlich was geschrieben? Sieht man die beiden Llive auf der B\u00fchne mag die Frage nur schwer zu beantworten zusein, denn die Lieder der ehemaligen Solisten verschmelzen auf der B\u00fchne zu einer Einheit. Kraftvoll, sensibel, zur\u00fcckgenommen wie auch fordernd. Schnell reifte die Idee gemeinsam Songs zu schreiben \u2013 das ist Zukunfstmusik (noch \u2013 aber die beiden arbeiten schon daran) Bis dahin feiern sie erstmal das neue Leben ihrer (alten) Songs. Jan Kubon und Pedro Querido , die beiden sind irgendwie mehr als die Summer zweier Solok\u00fcnstler \u2013 die beiden sind eine Einheit. Musiklisch , wie menschlich. Ein Konzertabend mit Songs voller Leidenschaft und aus dem Herzen- mal traurig, mal fr\u00f6hlich, immer ehrlich und genauso gemeint. Musikleben-Leben(s)musik halt.<\/p>\n<p><strong>Tobias Hengstmann<\/strong><\/p>\n<p>Irgendwann h\u00e4ngte Tobias seine Musikerkarriere und seine Band &#8222;Kleinstein&#8220; an den Nagel um sich in Vollendung um seine Kabarettkariere k\u00fcmmern zu k\u00f6nnen &#8211; wie es die Zeit gezeigt hat auch mit Erfolg. Und auch wenn er die Gitarre nicht ganz aus der Hand legte und seine diversen Kabarettprogramme immer wieder mit Liedern w\u00fcrzte so blieb doch immer auch die brennende Sehnsucht, irgendwann wieder eine B\u00fchne zu betreten und dabei die Musik nicht nur als Gew\u00fcrz sondern als wichtigste Zutat mitzunehmen. So gab es \u00fcber die Jahre immer wieder vereinzelt und sehr rar Konzerte mit seiner &#8222;alten&#8220; Band und nun f\u00fcr die Fete de la musique betritt Tobias ganz allein die B\u00fchne und pr\u00e4sentiert einerseits Kleinstein-Material andererseits aber auch Songs die in der Zeit nach Kleinstein entstanden sind und so oder so \u00e4hnlich mit Kleinstein h\u00e4tten gespielt werden k\u00f6nnen.<\/p>\n<p><span style=\"color: #333399;\"><a href=\"https:\/\/fete-magdeburg.de\" target=\"_blank\" rel=\"noopener noreferrer\"><span style=\"color: #333399;\"><strong><strong><strong><strong>https:\/\/fete-magdeburg.de<\/strong><\/strong><\/strong><\/strong><\/span><\/a><\/span><\/p>\n<div><span style=\"color: #000000;\"><span class=\"fsl\" data-testid=\"event-permalink-details\"><br \/>\n<\/span><\/span><\/p>\n<\/div>\n","protected":false},"excerpt":{"rendered":"<div><strong><strong><strong><img decoding=\"async\" src=\"bilder\/gast\/fete.png\" border=\"0\" width=\"52\" style=\"margin: 5px 5px 5px 0px; float: left;\" \/><span style=\"color: #006600;\">&#8222;<span class=\"scayt-misspell\" data-scayt_word=\"Hals\" data-scaytid=\"1\">Fete de la musique<\/span>&#8222;<\/span><\/strong><\/strong><\/strong><\/div>\n<div><span style=\"text-decoration: underline;\"><strong><strong>am 21. Juni 2019<\/strong><\/strong><\/span><\/div>\n<div><span style=\"font-size: x-small;\"><strong><strong><span style=\"color: #006600;\"><strong><strong><strong><strong>Eintritt frei<\/strong><\/strong><\/strong><\/strong><\/span><\/strong><\/strong><\/span><\/div>\n","protected":false},"author":1,"featured_media":507,"comment_status":"closed","ping_status":"closed","sticky":false,"template":"","format":"standard","meta":{"footnotes":""},"categories":[20,87,50],"tags":[],"class_list":["post-456","post","type-post","status-publish","format-standard","has-post-thumbnail","hentry","category-archiv","category-2019-sonderprogramme-archiv","category-sonderprogramme-archiv"],"publishpress_future_action":{"enabled":false,"date":"2026-05-07 10:13:55","action":"change-status","newStatus":"draft","terms":[],"taxonomy":"category","extraData":[]},"publishpress_future_workflow_manual_trigger":{"enabledWorkflows":[]},"_links":{"self":[{"href":"https:\/\/hengstmanns.de\/WP\/wp-json\/wp\/v2\/posts\/456","targetHints":{"allow":["GET"]}}],"collection":[{"href":"https:\/\/hengstmanns.de\/WP\/wp-json\/wp\/v2\/posts"}],"about":[{"href":"https:\/\/hengstmanns.de\/WP\/wp-json\/wp\/v2\/types\/post"}],"author":[{"embeddable":true,"href":"https:\/\/hengstmanns.de\/WP\/wp-json\/wp\/v2\/users\/1"}],"replies":[{"embeddable":true,"href":"https:\/\/hengstmanns.de\/WP\/wp-json\/wp\/v2\/comments?post=456"}],"version-history":[{"count":1,"href":"https:\/\/hengstmanns.de\/WP\/wp-json\/wp\/v2\/posts\/456\/revisions"}],"predecessor-version":[{"id":722,"href":"https:\/\/hengstmanns.de\/WP\/wp-json\/wp\/v2\/posts\/456\/revisions\/722"}],"wp:featuredmedia":[{"embeddable":true,"href":"https:\/\/hengstmanns.de\/WP\/wp-json\/wp\/v2\/media\/507"}],"wp:attachment":[{"href":"https:\/\/hengstmanns.de\/WP\/wp-json\/wp\/v2\/media?parent=456"}],"wp:term":[{"taxonomy":"category","embeddable":true,"href":"https:\/\/hengstmanns.de\/WP\/wp-json\/wp\/v2\/categories?post=456"},{"taxonomy":"post_tag","embeddable":true,"href":"https:\/\/hengstmanns.de\/WP\/wp-json\/wp\/v2\/tags?post=456"}],"curies":[{"name":"wp","href":"https:\/\/api.w.org\/{rel}","templated":true}]}}